{"id":158,"date":"2015-05-25T14:36:31","date_gmt":"2015-05-25T12:36:31","guid":{"rendered":"https:\/\/bourgogne-david-moreau.com\/fr\/?p=158"},"modified":"2022-04-13T15:45:02","modified_gmt":"2022-04-13T13:45:02","slug":"revue-de-presse-2014","status":"publish","type":"post","link":"https:\/\/bourgogne-david-moreau.com\/fr\/actualites\/revue-de-presse-2014\/","title":{"rendered":"Revue de presse 2014"},"content":{"rendered":"<h2>Guide Hachette des Vins &#8211; <em>2015<\/em><\/h2>\n<p><em>David Moreau s&rsquo;est install\u00e9 en 2009 \u00e0 la t\u00eate des 5 ha plant\u00e9s par ses grands-parents. Ce jeune vigneron avoue \u00eatre plus interventionniste \u00e0 la vigne qu&rsquo;\u00e0 la cave. (&#8230;) Il pratique aussi labour et enherbement.<\/em><\/p>\n<p><strong>Santenay Cuv\u00e9e \u00ab\u00a0S\u00a0\u00bb 2011, Coup de Coeur :<\/strong> Apr\u00e8s une \u00e9toile obtenue dans deux \u00e9ditions pr\u00e9c\u00e9dentes pour le mill\u00e9sime 2009 en blanc et en rouge, David Moreau franchit un palier avec ce Santenay 2011 n\u00e9 de la premi\u00e8re vigne plant\u00e9e par son grand-p\u00e8re qur une parcelle situ\u00e9e sur le Climat Les Corni\u00e8res.Fruit rouge confitur\u00e9, une touche animale, un beau bois\u00e9 grill\u00e9, le nez est fort engageant et harmonieux. Un m\u00eame fruit\u00e9 intense et g\u00e9n\u00e9reux tapisse une bouche ample, concentr\u00e9e, charnue, velout\u00e9e, aux tanins fins et poliss\u00e9s. D\u00e9j\u00e0 tr\u00e8s avenant, ce Santenay vieillira bien.<\/p>\n<p><strong>Santenay 1er Cru Clos des Mouches 2011 :<\/strong> un vin puissant, solide, bois\u00e9 pas encore fondu mais tr\u00e8s prometteur.<\/p>\n<p><strong>Santenay 1er Cru Clos Rousseau 2011 :<\/strong> plus souple que les pr\u00e9c\u00e9dents, il reste bien structur\u00e9, offrant une bonne m\u00e2che et de la fraicheur.<\/p>\n<h2>Guide des Vins Bettane et Desseauve &#8211; <em>2015<\/em><\/h2>\n<p><em>David Moreau oeuvre sur le Domaine familial o\u00f9 il a succ\u00e9d\u00e9 \u00e0 son grand-p\u00e8re qui vient de prendre une retraite m\u00e9rit\u00e9e \u00e0 85 ans. Oenologue de formation, ce trentenaire alerte met bien en perspective le patrimoine de vins de Santenay qui constitue l&rsquo;orgueil de la famille.<\/em><\/p>\n<p><em>C\u00f4te de Beaune Villages 2012<\/em><br \/>\n<em>Maranges 2012<\/em><br \/>\n<em>Santenay 1er Cru Clos Rousseau 2012<\/em><\/p>\n<p><strong>Coup de coeur : Santenay Cuv\u00e9e \u00ab\u00a0S\u00a0\u00bb 2012 :<\/strong> issu de vieilles vignes, c&rsquo;est le point \u00ab\u00a0S\u00a0\u00bb de Santenay dans sa sensualit\u00e9 et son style enlev\u00e9.<\/p>\n\n\t\t<style type=\"text\/css\">\n\t\t\t#gallery-1 {\n\t\t\t\tmargin: auto;\n\t\t\t}\n\t\t\t#gallery-1 .gallery-item {\n\t\t\t\tfloat: left;\n\t\t\t\tmargin-top: 10px;\n\t\t\t\ttext-align: center;\n\t\t\t\twidth: 25%;\n\t\t\t}\n\t\t\t#gallery-1 img {\n\t\t\t\tborder: 2px solid #cfcfcf;\n\t\t\t}\n\t\t\t#gallery-1 .gallery-caption {\n\t\t\t\tmargin-left: 0;\n\t\t\t}\n\t\t\t\/* see gallery_shortcode() in wp-includes\/media.php *\/\n\t\t<\/style>\n\t\t<div id='gallery-1' class='gallery galleryid-158 gallery-columns-4 gallery-size-full'><dl class='gallery-item'>\n\t\t\t<dt class='gallery-icon portrait'>\n\t\t\t\t<img decoding=\"async\" width=\"181\" height=\"278\" src=\"https:\/\/bourgogne-david-moreau.com\/fr\/wp-content\/uploads\/sites\/2\/2022\/04\/BD_15_couv.jpg\" class=\"attachment-full size-full\" alt=\"\" srcset=\"https:\/\/bourgogne-david-moreau.com\/fr\/wp-content\/uploads\/sites\/2\/2022\/04\/BD_15_couv.jpg 181w, https:\/\/bourgogne-david-moreau.com\/fr\/wp-content\/uploads\/sites\/2\/2022\/04\/BD_15_couv-163x250.jpg 163w\" sizes=\"(max-width: 181px) 100vw, 181px\" \/>\n\t\t\t<\/dt><\/dl><dl class='gallery-item'>\n\t\t\t<dt class='gallery-icon portrait'>\n\t\t\t\t<img decoding=\"async\" width=\"105\" height=\"149\" src=\"https:\/\/bourgogne-david-moreau.com\/fr\/wp-content\/uploads\/sites\/2\/2022\/04\/GH_15_couv.jpg\" class=\"attachment-full size-full\" alt=\"\" \/>\n\t\t\t<\/dt><\/dl>\n\t\t\t<br style='clear: both' \/>\n\t\t<\/div>\n\n","protected":false},"excerpt":{"rendered":"<p>Guide Hachette des Vins &#8211; 2015 David Moreau s&rsquo;est install\u00e9 en 2009 \u00e0 la t\u00eate des 5 ha plant\u00e9s par [&hellip;]<\/p>\n","protected":false},"author":1,"featured_media":165,"comment_status":"closed","ping_status":"closed","sticky":false,"template":"","format":"standard","meta":{"_acf_changed":false,"inline_featured_image":false,"footnotes":""},"categories":[4],"tags":[],"class_list":["post-158","post","type-post","status-publish","format-standard","has-post-thumbnail","hentry","category-actualites"],"acf":[],"yoast_head":"<!-- This site is optimized with the Yoast SEO plugin v24.7 - https:\/\/yoast.com\/wordpress\/plugins\/seo\/ -->\n<title>Revue de presse 2014 - David Moreau - Vins de Bourgogne<\/title>\n<meta name=\"robots\" content=\"index, follow, max-snippet:-1, max-image-preview:large, max-video-preview:-1\" \/>\n<link rel=\"canonical\" href=\"https:\/\/bourgogne-david-moreau.com\/fr\/actualites\/revue-de-presse-2014\/\" \/>\n<meta property=\"og:locale\" content=\"fr_FR\" \/>\n<meta property=\"og:type\" content=\"article\" \/>\n<meta property=\"og:title\" content=\"Revue de presse 2014 - David Moreau - Vins de Bourgogne\" \/>\n<meta property=\"og:description\" content=\"Guide Hachette des Vins &#8211; 2015 David Moreau s&rsquo;est install\u00e9 en 2009 \u00e0 la t\u00eate des 5 ha plant\u00e9s par [&hellip;]\" \/>\n<meta property=\"og:url\" content=\"https:\/\/bourgogne-david-moreau.com\/fr\/actualites\/revue-de-presse-2014\/\" \/>\n<meta property=\"og:site_name\" content=\"David Moreau - Vins de Bourgogne\" \/>\n<meta property=\"article:published_time\" content=\"2015-05-25T12:36:31+00:00\" \/>\n<meta property=\"article:modified_time\" content=\"2022-04-13T13:45:02+00:00\" \/>\n<meta property=\"og:image\" content=\"https:\/\/bourgogne-david-moreau.com\/fr\/wp-content\/uploads\/sites\/2\/2022\/04\/presse2014.jpg\" \/>\n\t<meta property=\"og:image:width\" content=\"1200\" \/>\n\t<meta property=\"og:image:height\" content=\"571\" \/>\n\t<meta property=\"og:image:type\" content=\"image\/jpeg\" \/>\n<meta name=\"author\" content=\"admin\" \/>\n<meta name=\"twitter:card\" content=\"summary_large_image\" \/>\n<meta name=\"twitter:label1\" content=\"\u00c9crit par\" \/>\n\t<meta name=\"twitter:data1\" content=\"admin\" \/>\n\t<meta name=\"twitter:label2\" content=\"Dur\u00e9e de lecture estim\u00e9e\" \/>\n\t<meta name=\"twitter:data2\" content=\"1 minute\" \/>\n<script type=\"application\/ld+json\" class=\"yoast-schema-graph\">{\"@context\":\"https:\/\/schema.org\",\"@graph\":[{\"@type\":\"WebPage\",\"@id\":\"https:\/\/bourgogne-david-moreau.com\/fr\/actualites\/revue-de-presse-2014\/\",\"url\":\"https:\/\/bourgogne-david-moreau.com\/fr\/actualites\/revue-de-presse-2014\/\",\"name\":\"Revue de presse 2014 - David Moreau - Vins de Bourgogne\",\"isPartOf\":{\"@id\":\"https:\/\/bourgogne-david-moreau.com\/fr\/#website\"},\"primaryImageOfPage\":{\"@id\":\"https:\/\/bourgogne-david-moreau.com\/fr\/actualites\/revue-de-presse-2014\/#primaryimage\"},\"image\":{\"@id\":\"https:\/\/bourgogne-david-moreau.com\/fr\/actualites\/revue-de-presse-2014\/#primaryimage\"},\"thumbnailUrl\":\"https:\/\/bourgogne-david-moreau.com\/fr\/wp-content\/uploads\/sites\/2\/2022\/04\/presse2014.jpg\",\"datePublished\":\"2015-05-25T12:36:31+00:00\",\"dateModified\":\"2022-04-13T13:45:02+00:00\",\"author\":{\"@id\":\"https:\/\/bourgogne-david-moreau.com\/fr\/#\/schema\/person\/455a0f752d7c356b22581cb50096ff0e\"},\"breadcrumb\":{\"@id\":\"https:\/\/bourgogne-david-moreau.com\/fr\/actualites\/revue-de-presse-2014\/#breadcrumb\"},\"inLanguage\":\"fr-FR\",\"potentialAction\":[{\"@type\":\"ReadAction\",\"target\":[\"https:\/\/bourgogne-david-moreau.com\/fr\/actualites\/revue-de-presse-2014\/\"]}]},{\"@type\":\"ImageObject\",\"inLanguage\":\"fr-FR\",\"@id\":\"https:\/\/bourgogne-david-moreau.com\/fr\/actualites\/revue-de-presse-2014\/#primaryimage\",\"url\":\"https:\/\/bourgogne-david-moreau.com\/fr\/wp-content\/uploads\/sites\/2\/2022\/04\/presse2014.jpg\",\"contentUrl\":\"https:\/\/bourgogne-david-moreau.com\/fr\/wp-content\/uploads\/sites\/2\/2022\/04\/presse2014.jpg\",\"width\":1200,\"height\":571},{\"@type\":\"BreadcrumbList\",\"@id\":\"https:\/\/bourgogne-david-moreau.com\/fr\/actualites\/revue-de-presse-2014\/#breadcrumb\",\"itemListElement\":[{\"@type\":\"ListItem\",\"position\":1,\"name\":\"Accueil\",\"item\":\"https:\/\/bourgogne-david-moreau.com\/fr\/\"},{\"@type\":\"ListItem\",\"position\":2,\"name\":\"Revue de presse 2014\"}]},{\"@type\":\"WebSite\",\"@id\":\"https:\/\/bourgogne-david-moreau.com\/fr\/#website\",\"url\":\"https:\/\/bourgogne-david-moreau.com\/fr\/\",\"name\":\"David Moreau - Vins de Bourgogne\",\"description\":\"Vins de Bourgogne\",\"potentialAction\":[{\"@type\":\"SearchAction\",\"target\":{\"@type\":\"EntryPoint\",\"urlTemplate\":\"https:\/\/bourgogne-david-moreau.com\/fr\/?s={search_term_string}\"},\"query-input\":{\"@type\":\"PropertyValueSpecification\",\"valueRequired\":true,\"valueName\":\"search_term_string\"}}],\"inLanguage\":\"fr-FR\"},{\"@type\":\"Person\",\"@id\":\"https:\/\/bourgogne-david-moreau.com\/fr\/#\/schema\/person\/455a0f752d7c356b22581cb50096ff0e\",\"name\":\"admin\",\"sameAs\":[\"https:\/\/bourgogne-david-moreau.com\"],\"url\":\"https:\/\/bourgogne-david-moreau.com\/fr\/author\/admin\/\"}]}<\/script>\n<!-- \/ Yoast SEO plugin. -->","yoast_head_json":{"title":"Revue de presse 2014 - David Moreau - Vins de Bourgogne","robots":{"index":"index","follow":"follow","max-snippet":"max-snippet:-1","max-image-preview":"max-image-preview:large","max-video-preview":"max-video-preview:-1"},"canonical":"https:\/\/bourgogne-david-moreau.com\/fr\/actualites\/revue-de-presse-2014\/","og_locale":"fr_FR","og_type":"article","og_title":"Revue de presse 2014 - David Moreau - Vins de Bourgogne","og_description":"Guide Hachette des Vins &#8211; 2015 David Moreau s&rsquo;est install\u00e9 en 2009 \u00e0 la t\u00eate des 5 ha plant\u00e9s par [&hellip;]","og_url":"https:\/\/bourgogne-david-moreau.com\/fr\/actualites\/revue-de-presse-2014\/","og_site_name":"David Moreau - Vins de Bourgogne","article_published_time":"2015-05-25T12:36:31+00:00","article_modified_time":"2022-04-13T13:45:02+00:00","og_image":[{"width":1200,"height":571,"url":"https:\/\/bourgogne-david-moreau.com\/fr\/wp-content\/uploads\/sites\/2\/2022\/04\/presse2014.jpg","type":"image\/jpeg"}],"author":"admin","twitter_card":"summary_large_image","twitter_misc":{"\u00c9crit par":"admin","Dur\u00e9e de lecture estim\u00e9e":"1 minute"},"schema":{"@context":"https:\/\/schema.org","@graph":[{"@type":"WebPage","@id":"https:\/\/bourgogne-david-moreau.com\/fr\/actualites\/revue-de-presse-2014\/","url":"https:\/\/bourgogne-david-moreau.com\/fr\/actualites\/revue-de-presse-2014\/","name":"Revue de presse 2014 - David Moreau - Vins de Bourgogne","isPartOf":{"@id":"https:\/\/bourgogne-david-moreau.com\/fr\/#website"},"primaryImageOfPage":{"@id":"https:\/\/bourgogne-david-moreau.com\/fr\/actualites\/revue-de-presse-2014\/#primaryimage"},"image":{"@id":"https:\/\/bourgogne-david-moreau.com\/fr\/actualites\/revue-de-presse-2014\/#primaryimage"},"thumbnailUrl":"https:\/\/bourgogne-david-moreau.com\/fr\/wp-content\/uploads\/sites\/2\/2022\/04\/presse2014.jpg","datePublished":"2015-05-25T12:36:31+00:00","dateModified":"2022-04-13T13:45:02+00:00","author":{"@id":"https:\/\/bourgogne-david-moreau.com\/fr\/#\/schema\/person\/455a0f752d7c356b22581cb50096ff0e"},"breadcrumb":{"@id":"https:\/\/bourgogne-david-moreau.com\/fr\/actualites\/revue-de-presse-2014\/#breadcrumb"},"inLanguage":"fr-FR","potentialAction":[{"@type":"ReadAction","target":["https:\/\/bourgogne-david-moreau.com\/fr\/actualites\/revue-de-presse-2014\/"]}]},{"@type":"ImageObject","inLanguage":"fr-FR","@id":"https:\/\/bourgogne-david-moreau.com\/fr\/actualites\/revue-de-presse-2014\/#primaryimage","url":"https:\/\/bourgogne-david-moreau.com\/fr\/wp-content\/uploads\/sites\/2\/2022\/04\/presse2014.jpg","contentUrl":"https:\/\/bourgogne-david-moreau.com\/fr\/wp-content\/uploads\/sites\/2\/2022\/04\/presse2014.jpg","width":1200,"height":571},{"@type":"BreadcrumbList","@id":"https:\/\/bourgogne-david-moreau.com\/fr\/actualites\/revue-de-presse-2014\/#breadcrumb","itemListElement":[{"@type":"ListItem","position":1,"name":"Accueil","item":"https:\/\/bourgogne-david-moreau.com\/fr\/"},{"@type":"ListItem","position":2,"name":"Revue de presse 2014"}]},{"@type":"WebSite","@id":"https:\/\/bourgogne-david-moreau.com\/fr\/#website","url":"https:\/\/bourgogne-david-moreau.com\/fr\/","name":"David Moreau - Vins de Bourgogne","description":"Vins de Bourgogne","potentialAction":[{"@type":"SearchAction","target":{"@type":"EntryPoint","urlTemplate":"https:\/\/bourgogne-david-moreau.com\/fr\/?s={search_term_string}"},"query-input":{"@type":"PropertyValueSpecification","valueRequired":true,"valueName":"search_term_string"}}],"inLanguage":"fr-FR"},{"@type":"Person","@id":"https:\/\/bourgogne-david-moreau.com\/fr\/#\/schema\/person\/455a0f752d7c356b22581cb50096ff0e","name":"admin","sameAs":["https:\/\/bourgogne-david-moreau.com"],"url":"https:\/\/bourgogne-david-moreau.com\/fr\/author\/admin\/"}]}},"_links":{"self":[{"href":"https:\/\/bourgogne-david-moreau.com\/fr\/wp-json\/wp\/v2\/posts\/158","targetHints":{"allow":["GET"]}}],"collection":[{"href":"https:\/\/bourgogne-david-moreau.com\/fr\/wp-json\/wp\/v2\/posts"}],"about":[{"href":"https:\/\/bourgogne-david-moreau.com\/fr\/wp-json\/wp\/v2\/types\/post"}],"author":[{"embeddable":true,"href":"https:\/\/bourgogne-david-moreau.com\/fr\/wp-json\/wp\/v2\/users\/1"}],"replies":[{"embeddable":true,"href":"https:\/\/bourgogne-david-moreau.com\/fr\/wp-json\/wp\/v2\/comments?post=158"}],"version-history":[{"count":3,"href":"https:\/\/bourgogne-david-moreau.com\/fr\/wp-json\/wp\/v2\/posts\/158\/revisions"}],"predecessor-version":[{"id":163,"href":"https:\/\/bourgogne-david-moreau.com\/fr\/wp-json\/wp\/v2\/posts\/158\/revisions\/163"}],"wp:featuredmedia":[{"embeddable":true,"href":"https:\/\/bourgogne-david-moreau.com\/fr\/wp-json\/wp\/v2\/media\/165"}],"wp:attachment":[{"href":"https:\/\/bourgogne-david-moreau.com\/fr\/wp-json\/wp\/v2\/media?parent=158"}],"wp:term":[{"taxonomy":"category","embeddable":true,"href":"https:\/\/bourgogne-david-moreau.com\/fr\/wp-json\/wp\/v2\/categories?post=158"},{"taxonomy":"post_tag","embeddable":true,"href":"https:\/\/bourgogne-david-moreau.com\/fr\/wp-json\/wp\/v2\/tags?post=158"}],"curies":[{"name":"wp","href":"https:\/\/api.w.org\/{rel}","templated":true}]}}